{"id":1,"date":"2021-10-29T16:26:58","date_gmt":"2021-10-29T16:26:58","guid":{"rendered":"https:\/\/www.elmayeq.com\/?p=1"},"modified":"2021-12-24T12:32:58","modified_gmt":"2021-12-24T12:32:58","slug":"hello-world","status":"publish","type":"post","link":"https:\/\/www.elmayeq.com\/index.php\/2021\/10\/29\/hello-world\/","title":{"rendered":"\u00a1El Mayeq Restaurante abre sus puertas en el a\u00f1o 2022!"},"content":{"rendered":"\t\t<div data-elementor-type=\"wp-post\" data-elementor-id=\"1\" class=\"elementor elementor-1\">\n\t\t\t\t\t\t<section class=\"elementor-section elementor-top-section elementor-element elementor-element-79341b6 elementor-section-boxed elementor-section-height-default elementor-section-height-default\" data-id=\"79341b6\" data-element_type=\"section\" data-e-type=\"section\">\n\t\t\t\t\t\t<div class=\"elementor-container elementor-column-gap-default\">\n\t\t\t\t\t<div class=\"elementor-column elementor-col-100 elementor-top-column elementor-element elementor-element-e02ba49\" data-id=\"e02ba49\" data-element_type=\"column\" data-e-type=\"column\">\n\t\t\t<div class=\"elementor-widget-wrap elementor-element-populated\">\n\t\t\t\t\t\t<div class=\"elementor-element elementor-element-fc1a6e8 elementor-widget elementor-widget-heading\" data-id=\"fc1a6e8\" data-element_type=\"widget\" data-e-type=\"widget\" data-widget_type=\"heading.default\">\n\t\t\t\t<div class=\"elementor-widget-container\">\n\t\t\t\t\t<h3 class=\"elementor-heading-title elementor-size-default\">Vivir la experiencia Mayeq ser\u00e1 posible desde enero de 2022<\/h3>\t\t\t\t<\/div>\n\t\t\t\t<\/div>\n\t\t\t\t\t<\/div>\n\t\t<\/div>\n\t\t\t\t\t<\/div>\n\t\t<\/section>\n\t\t\t\t<section class=\"elementor-section elementor-top-section elementor-element elementor-element-5c6cab1c elementor-section-boxed elementor-section-height-default elementor-section-height-default\" data-id=\"5c6cab1c\" data-element_type=\"section\" data-e-type=\"section\">\n\t\t\t\t\t\t<div class=\"elementor-container elementor-column-gap-default\">\n\t\t\t\t\t<div class=\"elementor-column elementor-col-100 elementor-top-column elementor-element elementor-element-369b8fd6\" data-id=\"369b8fd6\" data-element_type=\"column\" data-e-type=\"column\">\n\t\t\t<div class=\"elementor-widget-wrap elementor-element-populated\">\n\t\t\t\t\t\t<div class=\"elementor-element elementor-element-6378a0b7 elementor-widget elementor-widget-text-editor\" data-id=\"6378a0b7\" data-element_type=\"widget\" data-e-type=\"widget\" data-widget_type=\"text-editor.default\">\n\t\t\t\t<div class=\"elementor-widget-container\">\n\t\t\t\t\t\t\t\t\t<p><\/p>\n<p class=\"wp-block-paragraph\"><span style=\"font-size: 14px; color: var( --e-global-color-text ); font-family: var( --e-global-typography-text-font-family ), Sans-serif; font-weight: var( --e-global-typography-text-font-weight );\">Un nuevo e innovador proyecto gastron\u00f3mico abre sus puertas en el sur de&nbsp;<\/span><span style=\"font-size: 14px; color: var( --e-global-color-text ); font-family: var( --e-global-typography-text-font-family ), Sans-serif; font-weight: var( --e-global-typography-text-font-weight );\">Tenerife en el a\u00f1o 2022, concretamente en el n\u00facleo costero de Playa Para\u00edso, a&nbsp;<\/span><span style=\"font-size: 14px; color: var( --e-global-color-text ); font-family: var( --e-global-typography-text-font-family ), Sans-serif; font-weight: var( --e-global-typography-text-font-weight );\">los pies del lujoso <\/span><span style=\"font-size: 14px; color: var( --e-global-color-text ); font-family: var( --e-global-typography-text-font-family ), Sans-serif;\"><b>edificio Ocean Garden<\/b><\/span><span style=\"font-size: 14px; color: var( --e-global-color-text ); font-family: var( --e-global-typography-text-font-family ), Sans-serif; font-weight: var( --e-global-typography-text-font-weight );\">. \u00bfSu nombre?, El Mayeq Restaurante,&nbsp;<\/span><span style=\"font-size: 14px; color: var( --e-global-color-text ); font-family: var( --e-global-typography-text-font-family ), Sans-serif; font-weight: var( --e-global-typography-text-font-weight );\">de la mano del <\/span><span style=\"font-size: 14px; color: var( --e-global-color-text ); font-family: var( --e-global-typography-text-font-family ), Sans-serif;\"><b>chef Daniel Navarro<\/b><\/span><span style=\"font-size: 14px; color: var( --e-global-color-text ); font-family: var( --e-global-typography-text-font-family ), Sans-serif; font-weight: var( --e-global-typography-text-font-weight );\">, pretende fusionar la cocina de autor con el&nbsp;<\/span><span style=\"font-size: 14px; color: var( --e-global-color-text ); font-family: var( --e-global-typography-text-font-family ), Sans-serif; font-weight: var( --e-global-typography-text-font-weight );\">arte y la historia.<\/span><\/p>\n<p><\/p>\n<p><span style=\"font-size: 14px; color: var( --e-global-color-text ); font-family: var( --e-global-typography-text-font-family ), Sans-serif; font-weight: var( --e-global-typography-text-font-weight );\">El Mayeq Restaurante <\/span><span style=\"font-size: 14px; color: var( --e-global-color-text ); font-family: var( --e-global-typography-text-font-family ), Sans-serif; font-weight: var( --e-global-typography-text-font-weight );\">contar\u00e1 con dos terrazas al aire libre, donde se podr\u00e1 disfrutar de&nbsp;<\/span><span style=\"font-size: 14px; color: var( --e-global-color-text ); font-family: var( --e-global-typography-text-font-family ), Sans-serif; font-weight: var( --e-global-typography-text-font-weight );\">espectacular clima de Playa Para\u00edso, as\u00ed como, de un entorno m\u00e1gico y de una&nbsp;<\/span><span style=\"font-size: 14px; color: var( --e-global-color-text ); font-family: var( --e-global-typography-text-font-family ), Sans-serif; font-weight: var( --e-global-typography-text-font-weight );\">amplia oferta gastron\u00f3mica, con<\/span><b><span style=\"font-size: 14px; color: var( --e-global-color-text ); font-family: var( --e-global-typography-text-font-family ), Sans-serif;\"> platos altamente elaborados y para todos los&nbsp;<\/span><span style=\"font-size: 14px; color: var( --e-global-color-text ); font-family: var( --e-global-typography-text-font-family ), Sans-serif;\">gustos<\/span><\/b><span style=\"font-size: 14px; color: var( --e-global-color-text ); font-family: var( --e-global-typography-text-font-family ), Sans-serif; font-weight: var( --e-global-typography-text-font-weight );\">, ya que en su carta se podr\u00e1 disfrutar desde pescados y carnes de gran calidad,&nbsp;<\/span><span style=\"font-size: 14px; color: var( --e-global-color-text ); font-family: var( --e-global-typography-text-font-family ), Sans-serif; font-weight: var( --e-global-typography-text-font-weight );\">hasta una amplia selecci\u00f3n de platos para veganos y vegetarianos.<\/span><\/p>\n<p><\/p>\n<p><span style=\"font-size: 14px; background-color: #ffffff;\">\u00bf<\/span><span style=\"font-size: 14px; background-color: #ffffff; font-weight: bold;\"><em style=\"font-size: 14px;\">Qu\u00e9 significa Mayeq?<\/em><\/span><\/p>\n<p>Para conocer el significado de \u00abMayeq\u00bb es necesario remontarse a la historia de los abor\u00edgenes de la isla de Tenerife, los cuales llamaron \u00abMagec\u00bb al dios del sol, aunque se dice que su nombre original fue m-ayeq. El Mayeq Restaurante nace como tributo a la historia y al entorno en el que se ubica, donde el sol es el protagonista de este bonito pueblo de Costa Adeje.<\/p>\n<p><\/p>\n<p><i>\u00bf<strong> Cu\u00e1ndo se podr\u00e1 disfrutar de El Mayeq Restaurante?<\/strong><\/i><\/p><p>\n\n<\/p>\n<div>\n<p><\/p>\n<div class=\"is-layout-flow wp-block-column-is-layout-flow\" style=\"flex-basis: 100%;\">\n<p><\/p>\n<p class=\"wp-block-paragraph\"><\/p>\n<\/div>\n<\/div>\n<p><\/p>\t\t\t\t\t\t\t\t<\/div>\n\t\t\t\t<\/div>\n\t\t\t\t\t<\/div>\n\t\t<\/div>\n\t\t\t\t\t<\/div>\n\t\t<\/section>\n\t\t<\/p>\n<p><\/p>\n<div class=\"is-layout-flex wp-container-core-columns-is-layout-8f761849 wp-block-columns-is-layout-flex\">\n<p><!-- wp:column {\"width\":\"100%\"} --><\/p>\n<div style=\"flex-basis: 100%;\">\n<p><!-- wp:paragraph --><\/p>\n<p><\/p>\n<\/div>\n<\/div>\n<p><!-- \/wp:paragraph --><\/p>\t\t\t\t\t\t\t\t<\/div>\n\t\t\t\t<\/div>\n\t\t\t\t\t<\/div>\n\t\t<\/div>\n\t\t\t\t\t<\/div>\n\t\t<\/section>\n\t\t<\/p><p class=\"wp-block-paragraph is-layout-flow wp-block-column-is-layout-flow\">\u00a1Ya hay fecha oficial para su apertura!. A partir del <b>6 de enero de 2022<\/b>, se\npodr\u00e1 disfrutar de este nuevo concepto gastron\u00f3mico. La mejor forma de vivir la\nexperiencia Mayeq es reservando previamente una de sus mesas, ya que existe una\nalta demanda por conocer los secretos que les deparar\u00e1 a sus comensales. Estar\u00e1\nsituado en la Calle Aljibe 9, en el pueblo costero de Playa Para\u00edso-Costa Adeje.<o:p><\/o:p><\/p>\n<p><\/p>\n<p><\/p>\n<p><!-- wp:columns --><\/p>\n<div>\n<p><!-- wp:column {\"width\":\"100%\"} --><\/p>\n<div style=\"flex-basis: 100%;\">\n<p><!-- wp:paragraph --><\/p>\n<p><\/p>\n<\/div>\n<\/div>\n<p><!-- \/wp:paragraph --><\/p>\t\t\t\t\t\t\t\t<\/div>\n\t\t\t\t<\/div>\n\t\t\t\t\t<\/div>\n\t\t<\/div>\n\t\t\t\t\t<\/div>\n\t\t<\/section>\n\t\t<!-- wp:column {\"width\":\"100%\"} --><!-- wp:paragraph --><\/p><p class=\"is-layout-flex wp-container-core-columns-is-layout-8f761849 wp-block-columns-is-layout-flex\">\u00a1Ya hay fecha oficial para su apertura!. A partir del <b>6 de enero de 2022<\/b>, se\npodr\u00e1 disfrutar de este nuevo concepto gastron\u00f3mico. La mejor forma de vivir la\nexperiencia Mayeq es reservando previamente una de sus mesas, ya que existe una\nalta demanda por conocer los secretos que les deparar\u00e1 a sus comensales. Estar\u00e1\nsituado en la Calle Aljibe 9, en el pueblo costero de Playa Para\u00edso-Costa Adeje.<o:p><\/o:p><\/p>\n<p><\/p>\n<p><!-- \/wp:paragraph --><\/p>\n<p><!-- wp:columns --><\/p>\n<div>\n<p><!-- wp:column {\"width\":\"100%\"} --><\/p>\n<div style=\"flex-basis: 100%;\">\n<p><!-- wp:paragraph --><\/p>\n<p><\/p>\n<\/div>\n<\/div>\n<p><!-- \/wp:paragraph --><\/p>\t\t\t\t\t\t\t\t<\/div>\n\t\t\t\t<\/div>\n\t\t\t\t\t<\/div>\n\t\t<\/div>\n\t\t\t\t\t<\/div>\n\t\t<\/section>\n\t\t\t\t<\/div>\n\t\t","protected":false},"excerpt":{"rendered":"<p>\u00a1Ya hay fecha oficial para su apertura!. A partir del 6 de enero de 2022, se podr\u00e1 disfrutar de este nuevo concepto gastron\u00f3mico. La mejor forma de vivir la experiencia Mayeq es reservando previamente una de sus mesas, ya que existe una alta demanda por conocer los secretos que les deparar\u00e1 a sus comensales. Estar\u00e1 [&hellip;]<\/p>\n","protected":false},"author":1,"featured_media":224,"comment_status":"closed","ping_status":"closed","sticky":false,"template":"","format":"standard","meta":{"_et_pb_use_builder":"","_et_pb_old_content":"","_et_gb_content_width":"","_jetpack_newsletter_access":"","_jetpack_dont_email_post_to_subs":false,"_jetpack_newsletter_tier_id":0,"_jetpack_memberships_contains_paywalled_content":false,"_jetpack_feature_clip_id":0,"_jetpack_memberships_contains_paid_content":false,"_joinchat":[],"footnotes":"","jetpack_post_was_ever_published":false},"categories":[1],"tags":[],"class_list":["post-1","post","type-post","status-publish","format-standard","has-post-thumbnail","hentry","category-uncategorized"],"yoast_head":"<!-- This site is optimized with the Yoast SEO plugin v28.3 - https:\/\/yoast.com\/product\/yoast-seo-wordpress\/ -->\n<title>\u00a1El Mayeq Restaurante abre sus puertas en el a\u00f1o 2022! - el mayeq Restaurante - Tenerife - Playa Para&iacute;so<\/title>\n<meta name=\"robots\" content=\"index, follow, max-snippet:-1, max-image-preview:large, max-video-preview:-1\" \/>\n<link rel=\"canonical\" href=\"https:\/\/www.elmayeq.com\/index.php\/2021\/10\/29\/hello-world\/\" \/>\n<meta property=\"og:locale\" content=\"es_ES\" \/>\n<meta property=\"og:type\" content=\"article\" \/>\n<meta property=\"og:title\" content=\"\u00a1El Mayeq Restaurante abre sus puertas en el a\u00f1o 2022! - el mayeq Restaurante - Tenerife - Playa Para&iacute;so\" \/>\n<meta property=\"og:description\" content=\"\u00a1Ya hay fecha oficial para su apertura!. A partir del 6 de enero de 2022, se podr\u00e1 disfrutar de este nuevo concepto gastron\u00f3mico. La mejor forma de vivir la experiencia Mayeq es reservando previamente una de sus mesas, ya que existe una alta demanda por conocer los secretos que les deparar\u00e1 a sus comensales. Estar\u00e1 [&hellip;]\" \/>\n<meta property=\"og:url\" content=\"https:\/\/www.elmayeq.com\/index.php\/2021\/10\/29\/hello-world\/\" \/>\n<meta property=\"og:site_name\" content=\"el mayeq Restaurante - Tenerife - Playa Para&iacute;so\" \/>\n<meta property=\"article:published_time\" content=\"2021-10-29T16:26:58+00:00\" \/>\n<meta property=\"article:modified_time\" content=\"2021-12-24T12:32:58+00:00\" \/>\n<meta property=\"og:image\" content=\"https:\/\/www.elmayeq.com\/wp-content\/uploads\/2021\/12\/IMG_5405-scaled.jpg\" \/>\n\t<meta property=\"og:image:width\" content=\"2560\" \/>\n\t<meta property=\"og:image:height\" content=\"1707\" \/>\n\t<meta property=\"og:image:type\" content=\"image\/jpeg\" \/>\n<meta name=\"author\" content=\"admin\" \/>\n<meta name=\"twitter:card\" content=\"summary_large_image\" \/>\n<meta name=\"twitter:label1\" content=\"Escrito por\" \/>\n\t<meta name=\"twitter:data1\" content=\"admin\" \/>\n\t<meta name=\"twitter:label2\" content=\"Tiempo de lectura\" \/>\n\t<meta name=\"twitter:data2\" content=\"2 minutos\" \/>\n<script type=\"application\/ld+json\" class=\"yoast-schema-graph\">{\"@context\":\"https:\\\/\\\/schema.org\",\"@graph\":[{\"@type\":\"Article\",\"@id\":\"https:\\\/\\\/www.elmayeq.com\\\/index.php\\\/2021\\\/10\\\/29\\\/hello-world\\\/#article\",\"isPartOf\":{\"@id\":\"https:\\\/\\\/www.elmayeq.com\\\/index.php\\\/2021\\\/10\\\/29\\\/hello-world\\\/\"},\"author\":{\"name\":\"admin\",\"@id\":\"https:\\\/\\\/www.elmayeq.com\\\/#\\\/schema\\\/person\\\/952375555e2349343f6aaa695c9a07eb\"},\"headline\":\"\u00a1El Mayeq Restaurante abre sus puertas en el a\u00f1o 2022!\",\"datePublished\":\"2021-10-29T16:26:58+00:00\",\"dateModified\":\"2021-12-24T12:32:58+00:00\",\"mainEntityOfPage\":{\"@id\":\"https:\\\/\\\/www.elmayeq.com\\\/index.php\\\/2021\\\/10\\\/29\\\/hello-world\\\/\"},\"wordCount\":374,\"publisher\":{\"@id\":\"https:\\\/\\\/www.elmayeq.com\\\/#organization\"},\"image\":{\"@id\":\"https:\\\/\\\/www.elmayeq.com\\\/index.php\\\/2021\\\/10\\\/29\\\/hello-world\\\/#primaryimage\"},\"thumbnailUrl\":\"https:\\\/\\\/i0.wp.com\\\/www.elmayeq.com\\\/wp-content\\\/uploads\\\/2021\\\/12\\\/IMG_5405-scaled.jpg?fit=2560%2C1707&ssl=1\",\"articleSection\":[\"Uncategorized\"],\"inLanguage\":\"es\"},{\"@type\":\"WebPage\",\"@id\":\"https:\\\/\\\/www.elmayeq.com\\\/index.php\\\/2021\\\/10\\\/29\\\/hello-world\\\/\",\"url\":\"https:\\\/\\\/www.elmayeq.com\\\/index.php\\\/2021\\\/10\\\/29\\\/hello-world\\\/\",\"name\":\"\u00a1El Mayeq Restaurante abre sus puertas en el a\u00f1o 2022! - el mayeq Restaurante - Tenerife - Playa Para&iacute;so\",\"isPartOf\":{\"@id\":\"https:\\\/\\\/www.elmayeq.com\\\/#website\"},\"primaryImageOfPage\":{\"@id\":\"https:\\\/\\\/www.elmayeq.com\\\/index.php\\\/2021\\\/10\\\/29\\\/hello-world\\\/#primaryimage\"},\"image\":{\"@id\":\"https:\\\/\\\/www.elmayeq.com\\\/index.php\\\/2021\\\/10\\\/29\\\/hello-world\\\/#primaryimage\"},\"thumbnailUrl\":\"https:\\\/\\\/i0.wp.com\\\/www.elmayeq.com\\\/wp-content\\\/uploads\\\/2021\\\/12\\\/IMG_5405-scaled.jpg?fit=2560%2C1707&ssl=1\",\"datePublished\":\"2021-10-29T16:26:58+00:00\",\"dateModified\":\"2021-12-24T12:32:58+00:00\",\"breadcrumb\":{\"@id\":\"https:\\\/\\\/www.elmayeq.com\\\/index.php\\\/2021\\\/10\\\/29\\\/hello-world\\\/#breadcrumb\"},\"inLanguage\":\"es\",\"potentialAction\":[{\"@type\":\"ReadAction\",\"target\":[\"https:\\\/\\\/www.elmayeq.com\\\/index.php\\\/2021\\\/10\\\/29\\\/hello-world\\\/\"]}]},{\"@type\":\"ImageObject\",\"inLanguage\":\"es\",\"@id\":\"https:\\\/\\\/www.elmayeq.com\\\/index.php\\\/2021\\\/10\\\/29\\\/hello-world\\\/#primaryimage\",\"url\":\"https:\\\/\\\/i0.wp.com\\\/www.elmayeq.com\\\/wp-content\\\/uploads\\\/2021\\\/12\\\/IMG_5405-scaled.jpg?fit=2560%2C1707&ssl=1\",\"contentUrl\":\"https:\\\/\\\/i0.wp.com\\\/www.elmayeq.com\\\/wp-content\\\/uploads\\\/2021\\\/12\\\/IMG_5405-scaled.jpg?fit=2560%2C1707&ssl=1\",\"width\":2560,\"height\":1707},{\"@type\":\"BreadcrumbList\",\"@id\":\"https:\\\/\\\/www.elmayeq.com\\\/index.php\\\/2021\\\/10\\\/29\\\/hello-world\\\/#breadcrumb\",\"itemListElement\":[{\"@type\":\"ListItem\",\"position\":1,\"name\":\"Portada\",\"item\":\"https:\\\/\\\/www.elmayeq.com\\\/\"},{\"@type\":\"ListItem\",\"position\":2,\"name\":\"\u00a1El Mayeq Restaurante abre sus puertas en el a\u00f1o 2022!\"}]},{\"@type\":\"WebSite\",\"@id\":\"https:\\\/\\\/www.elmayeq.com\\\/#website\",\"url\":\"https:\\\/\\\/www.elmayeq.com\\\/\",\"name\":\"el mayeq Restaurante - Tenerife - Playa Para&iacute;so\",\"description\":\"Cocina de autor donde se fusiona el arte, la gastronom&iacute;a y la historia.\",\"publisher\":{\"@id\":\"https:\\\/\\\/www.elmayeq.com\\\/#organization\"},\"potentialAction\":[{\"@type\":\"SearchAction\",\"target\":{\"@type\":\"EntryPoint\",\"urlTemplate\":\"https:\\\/\\\/www.elmayeq.com\\\/?s={search_term_string}\"},\"query-input\":{\"@type\":\"PropertyValueSpecification\",\"valueRequired\":true,\"valueName\":\"search_term_string\"}}],\"inLanguage\":\"es\"},{\"@type\":\"Organization\",\"@id\":\"https:\\\/\\\/www.elmayeq.com\\\/#organization\",\"name\":\"el mayeq Restaurante - Tenerife - Playa Para&iacute;so\",\"url\":\"https:\\\/\\\/www.elmayeq.com\\\/\",\"logo\":{\"@type\":\"ImageObject\",\"inLanguage\":\"es\",\"@id\":\"https:\\\/\\\/www.elmayeq.com\\\/#\\\/schema\\\/logo\\\/image\\\/\",\"url\":\"https:\\\/\\\/i0.wp.com\\\/www.elmayeq.com\\\/wp-content\\\/uploads\\\/2021\\\/11\\\/cropped-logo-mayeq1.png?fit=888%2C441&ssl=1\",\"contentUrl\":\"https:\\\/\\\/i0.wp.com\\\/www.elmayeq.com\\\/wp-content\\\/uploads\\\/2021\\\/11\\\/cropped-logo-mayeq1.png?fit=888%2C441&ssl=1\",\"width\":888,\"height\":441,\"caption\":\"el mayeq Restaurante - Tenerife - Playa Para&iacute;so\"},\"image\":{\"@id\":\"https:\\\/\\\/www.elmayeq.com\\\/#\\\/schema\\\/logo\\\/image\\\/\"}},{\"@type\":\"Person\",\"@id\":\"https:\\\/\\\/www.elmayeq.com\\\/#\\\/schema\\\/person\\\/952375555e2349343f6aaa695c9a07eb\",\"name\":\"admin\",\"image\":{\"@type\":\"ImageObject\",\"inLanguage\":\"es\",\"@id\":\"https:\\\/\\\/www.elmayeq.com\\\/wp-content\\\/litespeed\\\/avatar\\\/a729ed5f7930d2bf614901905e4583ef.jpg?ver=1787750784\",\"url\":\"https:\\\/\\\/www.elmayeq.com\\\/wp-content\\\/litespeed\\\/avatar\\\/a729ed5f7930d2bf614901905e4583ef.jpg?ver=1787750784\",\"contentUrl\":\"https:\\\/\\\/www.elmayeq.com\\\/wp-content\\\/litespeed\\\/avatar\\\/a729ed5f7930d2bf614901905e4583ef.jpg?ver=1787750784\",\"caption\":\"admin\"},\"sameAs\":[\"https:\\\/\\\/www.elmayeq.com\"],\"url\":\"https:\\\/\\\/www.elmayeq.com\\\/index.php\\\/author\\\/admin\\\/\"}]}<\/script>\n<!-- \/ Yoast SEO plugin. -->","yoast_head_json":{"title":"\u00a1El Mayeq Restaurante abre sus puertas en el a\u00f1o 2022! - el mayeq Restaurante - Tenerife - Playa Para&iacute;so","robots":{"index":"index","follow":"follow","max-snippet":"max-snippet:-1","max-image-preview":"max-image-preview:large","max-video-preview":"max-video-preview:-1"},"canonical":"https:\/\/www.elmayeq.com\/index.php\/2021\/10\/29\/hello-world\/","og_locale":"es_ES","og_type":"article","og_title":"\u00a1El Mayeq Restaurante abre sus puertas en el a\u00f1o 2022! - el mayeq Restaurante - Tenerife - Playa Para&iacute;so","og_description":"\u00a1Ya hay fecha oficial para su apertura!. A partir del 6 de enero de 2022, se podr\u00e1 disfrutar de este nuevo concepto gastron\u00f3mico. La mejor forma de vivir la experiencia Mayeq es reservando previamente una de sus mesas, ya que existe una alta demanda por conocer los secretos que les deparar\u00e1 a sus comensales. Estar\u00e1 [&hellip;]","og_url":"https:\/\/www.elmayeq.com\/index.php\/2021\/10\/29\/hello-world\/","og_site_name":"el mayeq Restaurante - Tenerife - Playa Para&iacute;so","article_published_time":"2021-10-29T16:26:58+00:00","article_modified_time":"2021-12-24T12:32:58+00:00","og_image":[{"width":2560,"height":1707,"url":"https:\/\/www.elmayeq.com\/wp-content\/uploads\/2021\/12\/IMG_5405-scaled.jpg","type":"image\/jpeg"}],"author":"admin","twitter_card":"summary_large_image","twitter_misc":{"Escrito por":"admin","Tiempo de lectura":"2 minutos"},"schema":{"@context":"https:\/\/schema.org","@graph":[{"@type":"Article","@id":"https:\/\/www.elmayeq.com\/index.php\/2021\/10\/29\/hello-world\/#article","isPartOf":{"@id":"https:\/\/www.elmayeq.com\/index.php\/2021\/10\/29\/hello-world\/"},"author":{"name":"admin","@id":"https:\/\/www.elmayeq.com\/#\/schema\/person\/952375555e2349343f6aaa695c9a07eb"},"headline":"\u00a1El Mayeq Restaurante abre sus puertas en el a\u00f1o 2022!","datePublished":"2021-10-29T16:26:58+00:00","dateModified":"2021-12-24T12:32:58+00:00","mainEntityOfPage":{"@id":"https:\/\/www.elmayeq.com\/index.php\/2021\/10\/29\/hello-world\/"},"wordCount":374,"publisher":{"@id":"https:\/\/www.elmayeq.com\/#organization"},"image":{"@id":"https:\/\/www.elmayeq.com\/index.php\/2021\/10\/29\/hello-world\/#primaryimage"},"thumbnailUrl":"https:\/\/i0.wp.com\/www.elmayeq.com\/wp-content\/uploads\/2021\/12\/IMG_5405-scaled.jpg?fit=2560%2C1707&ssl=1","articleSection":["Uncategorized"],"inLanguage":"es"},{"@type":"WebPage","@id":"https:\/\/www.elmayeq.com\/index.php\/2021\/10\/29\/hello-world\/","url":"https:\/\/www.elmayeq.com\/index.php\/2021\/10\/29\/hello-world\/","name":"\u00a1El Mayeq Restaurante abre sus puertas en el a\u00f1o 2022! - el mayeq Restaurante - Tenerife - Playa Para&iacute;so","isPartOf":{"@id":"https:\/\/www.elmayeq.com\/#website"},"primaryImageOfPage":{"@id":"https:\/\/www.elmayeq.com\/index.php\/2021\/10\/29\/hello-world\/#primaryimage"},"image":{"@id":"https:\/\/www.elmayeq.com\/index.php\/2021\/10\/29\/hello-world\/#primaryimage"},"thumbnailUrl":"https:\/\/i0.wp.com\/www.elmayeq.com\/wp-content\/uploads\/2021\/12\/IMG_5405-scaled.jpg?fit=2560%2C1707&ssl=1","datePublished":"2021-10-29T16:26:58+00:00","dateModified":"2021-12-24T12:32:58+00:00","breadcrumb":{"@id":"https:\/\/www.elmayeq.com\/index.php\/2021\/10\/29\/hello-world\/#breadcrumb"},"inLanguage":"es","potentialAction":[{"@type":"ReadAction","target":["https:\/\/www.elmayeq.com\/index.php\/2021\/10\/29\/hello-world\/"]}]},{"@type":"ImageObject","inLanguage":"es","@id":"https:\/\/www.elmayeq.com\/index.php\/2021\/10\/29\/hello-world\/#primaryimage","url":"https:\/\/i0.wp.com\/www.elmayeq.com\/wp-content\/uploads\/2021\/12\/IMG_5405-scaled.jpg?fit=2560%2C1707&ssl=1","contentUrl":"https:\/\/i0.wp.com\/www.elmayeq.com\/wp-content\/uploads\/2021\/12\/IMG_5405-scaled.jpg?fit=2560%2C1707&ssl=1","width":2560,"height":1707},{"@type":"BreadcrumbList","@id":"https:\/\/www.elmayeq.com\/index.php\/2021\/10\/29\/hello-world\/#breadcrumb","itemListElement":[{"@type":"ListItem","position":1,"name":"Portada","item":"https:\/\/www.elmayeq.com\/"},{"@type":"ListItem","position":2,"name":"\u00a1El Mayeq Restaurante abre sus puertas en el a\u00f1o 2022!"}]},{"@type":"WebSite","@id":"https:\/\/www.elmayeq.com\/#website","url":"https:\/\/www.elmayeq.com\/","name":"el mayeq Restaurante - Tenerife - Playa Para&iacute;so","description":"Cocina de autor donde se fusiona el arte, la gastronom&iacute;a y la historia.","publisher":{"@id":"https:\/\/www.elmayeq.com\/#organization"},"potentialAction":[{"@type":"SearchAction","target":{"@type":"EntryPoint","urlTemplate":"https:\/\/www.elmayeq.com\/?s={search_term_string}"},"query-input":{"@type":"PropertyValueSpecification","valueRequired":true,"valueName":"search_term_string"}}],"inLanguage":"es"},{"@type":"Organization","@id":"https:\/\/www.elmayeq.com\/#organization","name":"el mayeq Restaurante - Tenerife - Playa Para&iacute;so","url":"https:\/\/www.elmayeq.com\/","logo":{"@type":"ImageObject","inLanguage":"es","@id":"https:\/\/www.elmayeq.com\/#\/schema\/logo\/image\/","url":"https:\/\/i0.wp.com\/www.elmayeq.com\/wp-content\/uploads\/2021\/11\/cropped-logo-mayeq1.png?fit=888%2C441&ssl=1","contentUrl":"https:\/\/i0.wp.com\/www.elmayeq.com\/wp-content\/uploads\/2021\/11\/cropped-logo-mayeq1.png?fit=888%2C441&ssl=1","width":888,"height":441,"caption":"el mayeq Restaurante - Tenerife - Playa Para&iacute;so"},"image":{"@id":"https:\/\/www.elmayeq.com\/#\/schema\/logo\/image\/"}},{"@type":"Person","@id":"https:\/\/www.elmayeq.com\/#\/schema\/person\/952375555e2349343f6aaa695c9a07eb","name":"admin","image":{"@type":"ImageObject","inLanguage":"es","@id":"https:\/\/www.elmayeq.com\/wp-content\/litespeed\/avatar\/a729ed5f7930d2bf614901905e4583ef.jpg?ver=1787750784","url":"https:\/\/www.elmayeq.com\/wp-content\/litespeed\/avatar\/a729ed5f7930d2bf614901905e4583ef.jpg?ver=1787750784","contentUrl":"https:\/\/www.elmayeq.com\/wp-content\/litespeed\/avatar\/a729ed5f7930d2bf614901905e4583ef.jpg?ver=1787750784","caption":"admin"},"sameAs":["https:\/\/www.elmayeq.com"],"url":"https:\/\/www.elmayeq.com\/index.php\/author\/admin\/"}]}},"jetpack_sharing_enabled":true,"jetpack_featured_media_url":"https:\/\/i0.wp.com\/www.elmayeq.com\/wp-content\/uploads\/2021\/12\/IMG_5405-scaled.jpg?fit=2560%2C1707&ssl=1","_links":{"self":[{"href":"https:\/\/www.elmayeq.com\/index.php\/wp-json\/wp\/v2\/posts\/1","targetHints":{"allow":["GET"]}}],"collection":[{"href":"https:\/\/www.elmayeq.com\/index.php\/wp-json\/wp\/v2\/posts"}],"about":[{"href":"https:\/\/www.elmayeq.com\/index.php\/wp-json\/wp\/v2\/types\/post"}],"author":[{"embeddable":true,"href":"https:\/\/www.elmayeq.com\/index.php\/wp-json\/wp\/v2\/users\/1"}],"replies":[{"embeddable":true,"href":"https:\/\/www.elmayeq.com\/index.php\/wp-json\/wp\/v2\/comments?post=1"}],"version-history":[{"count":10,"href":"https:\/\/www.elmayeq.com\/index.php\/wp-json\/wp\/v2\/posts\/1\/revisions"}],"predecessor-version":[{"id":241,"href":"https:\/\/www.elmayeq.com\/index.php\/wp-json\/wp\/v2\/posts\/1\/revisions\/241"}],"wp:featuredmedia":[{"embeddable":true,"href":"https:\/\/www.elmayeq.com\/index.php\/wp-json\/wp\/v2\/media\/224"}],"wp:attachment":[{"href":"https:\/\/www.elmayeq.com\/index.php\/wp-json\/wp\/v2\/media?parent=1"}],"wp:term":[{"taxonomy":"category","embeddable":true,"href":"https:\/\/www.elmayeq.com\/index.php\/wp-json\/wp\/v2\/categories?post=1"},{"taxonomy":"post_tag","embeddable":true,"href":"https:\/\/www.elmayeq.com\/index.php\/wp-json\/wp\/v2\/tags?post=1"}],"curies":[{"name":"wp","href":"https:\/\/api.w.org\/{rel}","templated":true}]}}